{"id":2633,"date":"2023-09-10T22:31:53","date_gmt":"2023-09-10T22:31:53","guid":{"rendered":"https:\/\/aemachadodematos.pt\/agrupamento\/?p=2633"},"modified":"2023-09-10T22:48:33","modified_gmt":"2023-09-10T22:48:33","slug":"guia-de-promocao-para-uma-linguagem-inclusiva","status":"publish","type":"post","link":"https:\/\/aemachadodematos.pt\/agrupamento\/guia-de-promocao-para-uma-linguagem-inclusiva\/","title":{"rendered":"GUIA DE PROMO\u00c7\u00c3O PARA UMA LINGUAGEM INCLUSIVA"},"content":{"rendered":"\n<p><strong>PLANO INTERMUNICIPAL<\/strong><\/p>\n\n\n\n<p><strong>PARA A IGUALDADE<\/strong><\/p>\n\n\n\n<p><strong>E A N\u00c3O DISCRIMINA\u00c7\u00c3O<\/strong><\/p>\n\n\n\n<p>O presente Guia concretiza uma das medidas previstas no Plano Intermunicipal para a Igualdade e N\u00e3o Discrimina\u00e7\u00e3o do T\u00e2mega e Sousa, no \u00e2mbito da promo\u00e7\u00e3o da linguagem inclusiva, com aplica\u00e7\u00e3o \u00e0s pr\u00e1ticas de comunica\u00e7\u00e3o interna nos formatos escrito e verbal. <\/p>\n\n\n\n<div class=\"wp-block-file\"><a id=\"wp-block-file--media-d91c1678-2658-415f-965d-d75c8cf0939a\" href=\"https:\/\/aemachadodematos.pt\/agrupamento\/wp-content\/uploads\/2023\/09\/Guia_Linguagem.pdf\" target=\"_blank\" rel=\"noreferrer noopener\">Guia de Promo\u00e7\u00e3o para uma Linguagem Inclusiva<\/a><a href=\"https:\/\/aemachadodematos.pt\/agrupamento\/wp-content\/uploads\/2023\/09\/Guia_Linguagem.pdf\" class=\"wp-block-file__button wp-element-button\" download aria-describedby=\"wp-block-file--media-d91c1678-2658-415f-965d-d75c8cf0939a\">Descarregar<\/a><\/div>\n","protected":false},"excerpt":{"rendered":"<p>PLANO INTERMUNICIPAL PARA A IGUALDADE E A N\u00c3O DISCRIMINA\u00c7\u00c3O O presente Guia concretiza uma das medidas previstas no Plano Intermunicipal para a Igualdade e N\u00e3o Discrimina\u00e7\u00e3o do T\u00e2mega e Sousa, no \u00e2mbito da promo\u00e7\u00e3o da linguagem inclusiva, com aplica\u00e7\u00e3o \u00e0s&nbsp;<a href=\"https:\/\/aemachadodematos.pt\/agrupamento\/guia-de-promocao-para-uma-linguagem-inclusiva\/\">&hellip;<\/a><\/p>\n","protected":false},"author":1,"featured_media":2638,"comment_status":"open","ping_status":"open","sticky":false,"template":"","format":"standard","meta":{"_uag_custom_page_level_css":"","footnotes":""},"categories":[2,13,14],"tags":[],"class_list":["post-2633","post","type-post","status-publish","format-standard","has-post-thumbnail","hentry","category-alunos","category-escola","category-professores","odd"],"mb":[],"uagb_featured_image_src":{"full":["https:\/\/aemachadodematos.pt\/agrupamento\/wp-content\/uploads\/2023\/09\/intr2.png",990,500,false],"thumbnail":["https:\/\/aemachadodematos.pt\/agrupamento\/wp-content\/uploads\/2023\/09\/intr2-150x150.png",150,150,true],"medium":["https:\/\/aemachadodematos.pt\/agrupamento\/wp-content\/uploads\/2023\/09\/intr2-300x152.png",300,152,true],"medium_large":["https:\/\/aemachadodematos.pt\/agrupamento\/wp-content\/uploads\/2023\/09\/intr2.png",768,388,false],"large":["https:\/\/aemachadodematos.pt\/agrupamento\/wp-content\/uploads\/2023\/09\/intr2-990x500.png",990,500,true],"1536x1536":["https:\/\/aemachadodematos.pt\/agrupamento\/wp-content\/uploads\/2023\/09\/intr2-990x500.png",990,500,true],"2048x2048":["https:\/\/aemachadodematos.pt\/agrupamento\/wp-content\/uploads\/2023\/09\/intr2-990x500.png",990,500,true],"classic-grid-listing":["https:\/\/aemachadodematos.pt\/agrupamento\/wp-content\/uploads\/2023\/09\/intr2-600x303.png",600,303,true],"classic-list-listing":["https:\/\/aemachadodematos.pt\/agrupamento\/wp-content\/uploads\/2023\/09\/intr2-280x141.png",280,141,true],"modern-grid-listing":["https:\/\/aemachadodematos.pt\/agrupamento\/wp-content\/uploads\/2023\/09\/intr2-600x384.png",600,384,true],"product-page-image":["https:\/\/aemachadodematos.pt\/agrupamento\/wp-content\/uploads\/2023\/09\/intr2-600x303.png",600,303,true],"product-category-page-image":["https:\/\/aemachadodematos.pt\/agrupamento\/wp-content\/uploads\/2023\/09\/intr2-600x303.png",600,303,true],"post-thumbnail":["https:\/\/aemachadodematos.pt\/agrupamento\/wp-content\/uploads\/2023\/09\/intr2-150x76.png",150,76,true],"ed-school-featured-image":["https:\/\/aemachadodematos.pt\/agrupamento\/wp-content\/uploads\/2023\/09\/intr2-990x500.png",990,500,true],"ed-school-medium":["https:\/\/aemachadodematos.pt\/agrupamento\/wp-content\/uploads\/2023\/09\/intr2-768x500.png",768,500,true],"ed-school-medium-alt":["https:\/\/aemachadodematos.pt\/agrupamento\/wp-content\/uploads\/2023\/09\/intr2-768x410.png",768,410,true],"ed-school-square":["https:\/\/aemachadodematos.pt\/agrupamento\/wp-content\/uploads\/2023\/09\/intr2-768x500.png",768,500,true],"ed-school-square-small":["https:\/\/aemachadodematos.pt\/agrupamento\/wp-content\/uploads\/2023\/09\/intr2-420x420.png",420,420,true]},"uagb_author_info":{"display_name":"admin","author_link":"https:\/\/aemachadodematos.pt\/agrupamento\/author\/admin\/"},"uagb_comment_info":0,"uagb_excerpt":"PLANO INTERMUNICIPAL PARA A IGUALDADE E A N\u00c3O DISCRIMINA\u00c7\u00c3O O presente Guia concretiza uma das medidas previstas no Plano Intermunicipal para a Igualdade e N\u00e3o Discrimina\u00e7\u00e3o do T\u00e2mega e Sousa, no \u00e2mbito da promo\u00e7\u00e3o da linguagem inclusiva, com aplica\u00e7\u00e3o \u00e0s&nbsp;&hellip;","mfb_rest_fields":["title","uagb_featured_image_src","uagb_author_info","uagb_comment_info","uagb_excerpt"],"_links":{"self":[{"href":"https:\/\/aemachadodematos.pt\/agrupamento\/wp-json\/wp\/v2\/posts\/2633","targetHints":{"allow":["GET"]}}],"collection":[{"href":"https:\/\/aemachadodematos.pt\/agrupamento\/wp-json\/wp\/v2\/posts"}],"about":[{"href":"https:\/\/aemachadodematos.pt\/agrupamento\/wp-json\/wp\/v2\/types\/post"}],"author":[{"embeddable":true,"href":"https:\/\/aemachadodematos.pt\/agrupamento\/wp-json\/wp\/v2\/users\/1"}],"replies":[{"embeddable":true,"href":"https:\/\/aemachadodematos.pt\/agrupamento\/wp-json\/wp\/v2\/comments?post=2633"}],"version-history":[{"count":1,"href":"https:\/\/aemachadodematos.pt\/agrupamento\/wp-json\/wp\/v2\/posts\/2633\/revisions"}],"predecessor-version":[{"id":2636,"href":"https:\/\/aemachadodematos.pt\/agrupamento\/wp-json\/wp\/v2\/posts\/2633\/revisions\/2636"}],"wp:featuredmedia":[{"embeddable":true,"href":"https:\/\/aemachadodematos.pt\/agrupamento\/wp-json\/wp\/v2\/media\/2638"}],"wp:attachment":[{"href":"https:\/\/aemachadodematos.pt\/agrupamento\/wp-json\/wp\/v2\/media?parent=2633"}],"wp:term":[{"taxonomy":"category","embeddable":true,"href":"https:\/\/aemachadodematos.pt\/agrupamento\/wp-json\/wp\/v2\/categories?post=2633"},{"taxonomy":"post_tag","embeddable":true,"href":"https:\/\/aemachadodematos.pt\/agrupamento\/wp-json\/wp\/v2\/tags?post=2633"}],"curies":[{"name":"wp","href":"https:\/\/api.w.org\/{rel}","templated":true}]}}