{"id":2747,"date":"2023-11-07T15:32:18","date_gmt":"2023-11-07T15:32:18","guid":{"rendered":"https:\/\/aemachadodematos.pt\/agrupamento\/?p=2747"},"modified":"2023-11-07T15:39:37","modified_gmt":"2023-11-07T15:39:37","slug":"divulgacao-recrutamento-tecnicos-as-aaec-2023-2024-2-a-fase","status":"publish","type":"post","link":"https:\/\/aemachadodematos.pt\/agrupamento\/divulgacao-recrutamento-tecnicos-as-aaec-2023-2024-2-a-fase\/","title":{"rendered":"Divulga\u00e7\u00e3o | Recrutamento | T\u00e9cnicos\/as AAEC 2023\/2024 &#8211; 2.\u00aa Fase"},"content":{"rendered":"\n<p>Informamos que, entre 3 e 8 de novembro de 2023, decorre o per\u00edodo de apresenta\u00e7\u00e3o de candidaturas para o recrutamento de T\u00e9cnicos\/as Superiores, no \u00e2mbito das Atividades de Anima\u00e7\u00e3o e de Enriquecimento Curricular, em regime de contrato p\u00fablico por tempo determinado, na modalidade de contrato de trabalho em fun\u00e7\u00f5es p\u00fablicas, a termo resolutivo certo, a tempo parcial, para o ano letivo 2023\/2024.<\/p>\n\n\n\n<p>Identificadas as necessidades, o recrutamento&nbsp;incluir\u00e1 a integra\u00e7\u00e3o de T\u00e9cnicos\/as&nbsp;nas \u00e1reas de M\u00fasica, Dan\u00e7a e Xadrez.<\/p>\n\n\n\n<p>Toda a informa\u00e7\u00e3o e formul\u00e1rios de candidatura podem ser consultados na&nbsp;<a href=\"https:\/\/recrutamento.cm-felgueiras.pt\/\" target=\"_blank\" rel=\"noreferrer noopener\">Plataforma de Gest\u00e3o de Procedimentos Concursais da C\u00e2mara Municipal de Felgueiras<\/a>&nbsp;e&nbsp;<a href=\"https:\/\/cm-felgueiras.pt\/procedimento-concursal-aaecs-2023-2024-2\/\" target=\"_blank\" rel=\"noreferrer noopener\">nota de imprensa<\/a>.&nbsp;<\/p>\n\n\n\n<p>Com os melhores cumprimentos,<\/p>\n\n\n\n<figure class=\"wp-block-image size-full\"><img loading=\"lazy\" decoding=\"async\" width=\"384\" height=\"215\" src=\"https:\/\/aemachadodematos.pt\/agrupamento\/wp-content\/uploads\/2023\/11\/image.png\" alt=\"\" class=\"wp-image-2748\" srcset=\"https:\/\/aemachadodematos.pt\/agrupamento\/wp-content\/uploads\/2023\/11\/image.png 384w, https:\/\/aemachadodematos.pt\/agrupamento\/wp-content\/uploads\/2023\/11\/image-300x168.png 300w, https:\/\/aemachadodematos.pt\/agrupamento\/wp-content\/uploads\/2023\/11\/image-280x157.png 280w, https:\/\/aemachadodematos.pt\/agrupamento\/wp-content\/uploads\/2023\/11\/image-150x84.png 150w\" sizes=\"auto, (max-width: 384px) 100vw, 384px\" \/><\/figure>\n","protected":false},"excerpt":{"rendered":"<p>Informamos que, entre 3 e 8 de novembro de 2023, decorre o per\u00edodo de apresenta\u00e7\u00e3o de candidaturas para o recrutamento de T\u00e9cnicos\/as Superiores, no \u00e2mbito das Atividades de Anima\u00e7\u00e3o e de Enriquecimento Curricular, em regime de contrato p\u00fablico por tempo&nbsp;<a href=\"https:\/\/aemachadodematos.pt\/agrupamento\/divulgacao-recrutamento-tecnicos-as-aaec-2023-2024-2-a-fase\/\">&hellip;<\/a><\/p>\n","protected":false},"author":1,"featured_media":2750,"comment_status":"open","ping_status":"open","sticky":false,"template":"","format":"standard","meta":{"_uag_custom_page_level_css":"","footnotes":""},"categories":[21,14],"tags":[],"class_list":["post-2747","post","type-post","status-publish","format-standard","has-post-thumbnail","hentry","category-contratacao","category-professores","odd"],"mb":[],"uagb_featured_image_src":{"full":["https:\/\/aemachadodematos.pt\/agrupamento\/wp-content\/uploads\/2023\/11\/aecrecrut-990x500-1-990x500-1.png",990,500,false],"thumbnail":["https:\/\/aemachadodematos.pt\/agrupamento\/wp-content\/uploads\/2023\/11\/aecrecrut-990x500-1-990x500-1-150x150.png",150,150,true],"medium":["https:\/\/aemachadodematos.pt\/agrupamento\/wp-content\/uploads\/2023\/11\/aecrecrut-990x500-1-990x500-1-300x152.png",300,152,true],"medium_large":["https:\/\/aemachadodematos.pt\/agrupamento\/wp-content\/uploads\/2023\/11\/aecrecrut-990x500-1-990x500-1.png",768,388,false],"large":["https:\/\/aemachadodematos.pt\/agrupamento\/wp-content\/uploads\/2023\/11\/aecrecrut-990x500-1-990x500-1-990x500.png",990,500,true],"1536x1536":["https:\/\/aemachadodematos.pt\/agrupamento\/wp-content\/uploads\/2023\/11\/aecrecrut-990x500-1-990x500-1-990x500.png",990,500,true],"2048x2048":["https:\/\/aemachadodematos.pt\/agrupamento\/wp-content\/uploads\/2023\/11\/aecrecrut-990x500-1-990x500-1-990x500.png",990,500,true],"classic-grid-listing":["https:\/\/aemachadodematos.pt\/agrupamento\/wp-content\/uploads\/2023\/11\/aecrecrut-990x500-1-990x500-1-600x303.png",600,303,true],"classic-list-listing":["https:\/\/aemachadodematos.pt\/agrupamento\/wp-content\/uploads\/2023\/11\/aecrecrut-990x500-1-990x500-1-280x141.png",280,141,true],"modern-grid-listing":["https:\/\/aemachadodematos.pt\/agrupamento\/wp-content\/uploads\/2023\/11\/aecrecrut-990x500-1-990x500-1-600x384.png",600,384,true],"product-page-image":["https:\/\/aemachadodematos.pt\/agrupamento\/wp-content\/uploads\/2023\/11\/aecrecrut-990x500-1-990x500-1-600x303.png",600,303,true],"product-category-page-image":["https:\/\/aemachadodematos.pt\/agrupamento\/wp-content\/uploads\/2023\/11\/aecrecrut-990x500-1-990x500-1-600x303.png",600,303,true],"post-thumbnail":["https:\/\/aemachadodematos.pt\/agrupamento\/wp-content\/uploads\/2023\/11\/aecrecrut-990x500-1-990x500-1-150x76.png",150,76,true],"ed-school-featured-image":["https:\/\/aemachadodematos.pt\/agrupamento\/wp-content\/uploads\/2023\/11\/aecrecrut-990x500-1-990x500-1-990x500.png",990,500,true],"ed-school-medium":["https:\/\/aemachadodematos.pt\/agrupamento\/wp-content\/uploads\/2023\/11\/aecrecrut-990x500-1-990x500-1-768x500.png",768,500,true],"ed-school-medium-alt":["https:\/\/aemachadodematos.pt\/agrupamento\/wp-content\/uploads\/2023\/11\/aecrecrut-990x500-1-990x500-1-768x410.png",768,410,true],"ed-school-square":["https:\/\/aemachadodematos.pt\/agrupamento\/wp-content\/uploads\/2023\/11\/aecrecrut-990x500-1-990x500-1-768x500.png",768,500,true],"ed-school-square-small":["https:\/\/aemachadodematos.pt\/agrupamento\/wp-content\/uploads\/2023\/11\/aecrecrut-990x500-1-990x500-1-420x420.png",420,420,true]},"uagb_author_info":{"display_name":"admin","author_link":"https:\/\/aemachadodematos.pt\/agrupamento\/author\/admin\/"},"uagb_comment_info":0,"uagb_excerpt":"Informamos que, entre 3 e 8 de novembro de 2023, decorre o per\u00edodo de apresenta\u00e7\u00e3o de candidaturas para o recrutamento de T\u00e9cnicos\/as Superiores, no \u00e2mbito das Atividades de Anima\u00e7\u00e3o e de Enriquecimento Curricular, em regime de contrato p\u00fablico por tempo&nbsp;&hellip;","mfb_rest_fields":["title","uagb_featured_image_src","uagb_author_info","uagb_comment_info","uagb_excerpt"],"_links":{"self":[{"href":"https:\/\/aemachadodematos.pt\/agrupamento\/wp-json\/wp\/v2\/posts\/2747","targetHints":{"allow":["GET"]}}],"collection":[{"href":"https:\/\/aemachadodematos.pt\/agrupamento\/wp-json\/wp\/v2\/posts"}],"about":[{"href":"https:\/\/aemachadodematos.pt\/agrupamento\/wp-json\/wp\/v2\/types\/post"}],"author":[{"embeddable":true,"href":"https:\/\/aemachadodematos.pt\/agrupamento\/wp-json\/wp\/v2\/users\/1"}],"replies":[{"embeddable":true,"href":"https:\/\/aemachadodematos.pt\/agrupamento\/wp-json\/wp\/v2\/comments?post=2747"}],"version-history":[{"count":1,"href":"https:\/\/aemachadodematos.pt\/agrupamento\/wp-json\/wp\/v2\/posts\/2747\/revisions"}],"predecessor-version":[{"id":2749,"href":"https:\/\/aemachadodematos.pt\/agrupamento\/wp-json\/wp\/v2\/posts\/2747\/revisions\/2749"}],"wp:featuredmedia":[{"embeddable":true,"href":"https:\/\/aemachadodematos.pt\/agrupamento\/wp-json\/wp\/v2\/media\/2750"}],"wp:attachment":[{"href":"https:\/\/aemachadodematos.pt\/agrupamento\/wp-json\/wp\/v2\/media?parent=2747"}],"wp:term":[{"taxonomy":"category","embeddable":true,"href":"https:\/\/aemachadodematos.pt\/agrupamento\/wp-json\/wp\/v2\/categories?post=2747"},{"taxonomy":"post_tag","embeddable":true,"href":"https:\/\/aemachadodematos.pt\/agrupamento\/wp-json\/wp\/v2\/tags?post=2747"}],"curies":[{"name":"wp","href":"https:\/\/api.w.org\/{rel}","templated":true}]}}