{"id":2771,"date":"2023-11-15T21:39:31","date_gmt":"2023-11-15T21:39:31","guid":{"rendered":"https:\/\/aemachadodematos.pt\/agrupamento\/?p=2771"},"modified":"2023-11-19T22:15:54","modified_gmt":"2023-11-19T22:15:54","slug":"dia-dos-cursos-profissionais","status":"publish","type":"post","link":"https:\/\/aemachadodematos.pt\/agrupamento\/dia-dos-cursos-profissionais\/","title":{"rendered":"Dia dos Cursos Profissionais (21-11-2023)"},"content":{"rendered":"\n<p>No pr\u00f3ximo dia 21 de novembro, pelas 18 horas e 30 minutos, realizar-se-\u00e1 no Audit\u00f3rio da Escola B\u00e1sica e Secund\u00e1ria Dr. Machado de Matos, uma Sess\u00e3o P\u00fablica relativa ao EQAVET.<\/p>\n\n\n\n<p><br>Haver\u00e1 um espa\u00e7o de debate, de partilha com a comunidade, e o compromisso do Agrupamento na presta\u00e7\u00e3o de um servi\u00e7o p\u00fablico de educa\u00e7\u00e3o de qualidade ser\u00e1 comprovado, uma vez mais, pela apresenta\u00e7\u00e3o de v\u00e1rias atividades desenvolvidas pelas turmas dos Cursos Profissionais.<\/p>\n\n\n\n<p><br>Assim, e uma vez que \u00e9 parte fundamental em todo este processo, contamos com a sua presen\u00e7a!<br><\/p>\n\n\n\n<p class=\"has-text-align-right\"><em>A Equipa EQAVET<\/em><\/p>\n\n\n<div class=\"wp-block-image\">\n<figure class=\"aligncenter size-large\"><img loading=\"lazy\" decoding=\"async\" width=\"725\" height=\"1024\" src=\"https:\/\/aemachadodematos.pt\/agrupamento\/wp-content\/uploads\/2023\/11\/republica_sem_fundo_1-1-725x1024.png\" alt=\"\" class=\"wp-image-2782\" srcset=\"https:\/\/aemachadodematos.pt\/agrupamento\/wp-content\/uploads\/2023\/11\/republica_sem_fundo_1-1-725x1024.png 725w, https:\/\/aemachadodematos.pt\/agrupamento\/wp-content\/uploads\/2023\/11\/republica_sem_fundo_1-1-212x300.png 212w, https:\/\/aemachadodematos.pt\/agrupamento\/wp-content\/uploads\/2023\/11\/republica_sem_fundo_1-1-768x1085.png 768w, https:\/\/aemachadodematos.pt\/agrupamento\/wp-content\/uploads\/2023\/11\/republica_sem_fundo_1-1-1087x1536.png 1087w, https:\/\/aemachadodematos.pt\/agrupamento\/wp-content\/uploads\/2023\/11\/republica_sem_fundo_1-1-425x600.png 425w, https:\/\/aemachadodematos.pt\/agrupamento\/wp-content\/uploads\/2023\/11\/republica_sem_fundo_1-1-113x160.png 113w, https:\/\/aemachadodematos.pt\/agrupamento\/wp-content\/uploads\/2023\/11\/republica_sem_fundo_1-1-106x150.png 106w, https:\/\/aemachadodematos.pt\/agrupamento\/wp-content\/uploads\/2023\/11\/republica_sem_fundo_1-1.png 1241w\" sizes=\"auto, (max-width: 725px) 100vw, 725px\" \/><\/figure>\n<\/div>","protected":false},"excerpt":{"rendered":"<p>No pr\u00f3ximo dia 21 de novembro, pelas 18 horas e 30 minutos, realizar-se-\u00e1 no Audit\u00f3rio da Escola B\u00e1sica e Secund\u00e1ria Dr. Machado de Matos, uma Sess\u00e3o P\u00fablica relativa ao EQAVET. Haver\u00e1 um espa\u00e7o de debate, de partilha com a comunidade,&nbsp;<a href=\"https:\/\/aemachadodematos.pt\/agrupamento\/dia-dos-cursos-profissionais\/\">&hellip;<\/a><\/p>\n","protected":false},"author":1,"featured_media":2780,"comment_status":"open","ping_status":"open","sticky":false,"template":"","format":"standard","meta":{"_uag_custom_page_level_css":"","footnotes":""},"categories":[2,3],"tags":[],"class_list":["post-2771","post","type-post","status-publish","format-standard","has-post-thumbnail","hentry","category-alunos","category-eqavet","odd"],"mb":[],"uagb_featured_image_src":{"full":["https:\/\/aemachadodematos.pt\/agrupamento\/wp-content\/uploads\/2023\/11\/convite.png",990,500,false],"thumbnail":["https:\/\/aemachadodematos.pt\/agrupamento\/wp-content\/uploads\/2023\/11\/convite-150x150.png",150,150,true],"medium":["https:\/\/aemachadodematos.pt\/agrupamento\/wp-content\/uploads\/2023\/11\/convite-300x152.png",300,152,true],"medium_large":["https:\/\/aemachadodematos.pt\/agrupamento\/wp-content\/uploads\/2023\/11\/convite.png",768,388,false],"large":["https:\/\/aemachadodematos.pt\/agrupamento\/wp-content\/uploads\/2023\/11\/convite-990x500.png",990,500,true],"1536x1536":["https:\/\/aemachadodematos.pt\/agrupamento\/wp-content\/uploads\/2023\/11\/convite-990x500.png",990,500,true],"2048x2048":["https:\/\/aemachadodematos.pt\/agrupamento\/wp-content\/uploads\/2023\/11\/convite-990x500.png",990,500,true],"classic-grid-listing":["https:\/\/aemachadodematos.pt\/agrupamento\/wp-content\/uploads\/2023\/11\/convite-600x303.png",600,303,true],"classic-list-listing":["https:\/\/aemachadodematos.pt\/agrupamento\/wp-content\/uploads\/2023\/11\/convite-280x141.png",280,141,true],"modern-grid-listing":["https:\/\/aemachadodematos.pt\/agrupamento\/wp-content\/uploads\/2023\/11\/convite-600x384.png",600,384,true],"product-page-image":["https:\/\/aemachadodematos.pt\/agrupamento\/wp-content\/uploads\/2023\/11\/convite-600x303.png",600,303,true],"product-category-page-image":["https:\/\/aemachadodematos.pt\/agrupamento\/wp-content\/uploads\/2023\/11\/convite-600x303.png",600,303,true],"post-thumbnail":["https:\/\/aemachadodematos.pt\/agrupamento\/wp-content\/uploads\/2023\/11\/convite-150x76.png",150,76,true],"ed-school-featured-image":["https:\/\/aemachadodematos.pt\/agrupamento\/wp-content\/uploads\/2023\/11\/convite-990x500.png",990,500,true],"ed-school-medium":["https:\/\/aemachadodematos.pt\/agrupamento\/wp-content\/uploads\/2023\/11\/convite-768x500.png",768,500,true],"ed-school-medium-alt":["https:\/\/aemachadodematos.pt\/agrupamento\/wp-content\/uploads\/2023\/11\/convite-768x410.png",768,410,true],"ed-school-square":["https:\/\/aemachadodematos.pt\/agrupamento\/wp-content\/uploads\/2023\/11\/convite-768x500.png",768,500,true],"ed-school-square-small":["https:\/\/aemachadodematos.pt\/agrupamento\/wp-content\/uploads\/2023\/11\/convite-420x420.png",420,420,true]},"uagb_author_info":{"display_name":"admin","author_link":"https:\/\/aemachadodematos.pt\/agrupamento\/author\/admin\/"},"uagb_comment_info":1,"uagb_excerpt":"No pr\u00f3ximo dia 21 de novembro, pelas 18 horas e 30 minutos, realizar-se-\u00e1 no Audit\u00f3rio da Escola B\u00e1sica e Secund\u00e1ria Dr. Machado de Matos, uma Sess\u00e3o P\u00fablica relativa ao EQAVET. Haver\u00e1 um espa\u00e7o de debate, de partilha com a comunidade,&nbsp;&hellip;","mfb_rest_fields":["title","uagb_featured_image_src","uagb_author_info","uagb_comment_info","uagb_excerpt"],"_links":{"self":[{"href":"https:\/\/aemachadodematos.pt\/agrupamento\/wp-json\/wp\/v2\/posts\/2771","targetHints":{"allow":["GET"]}}],"collection":[{"href":"https:\/\/aemachadodematos.pt\/agrupamento\/wp-json\/wp\/v2\/posts"}],"about":[{"href":"https:\/\/aemachadodematos.pt\/agrupamento\/wp-json\/wp\/v2\/types\/post"}],"author":[{"embeddable":true,"href":"https:\/\/aemachadodematos.pt\/agrupamento\/wp-json\/wp\/v2\/users\/1"}],"replies":[{"embeddable":true,"href":"https:\/\/aemachadodematos.pt\/agrupamento\/wp-json\/wp\/v2\/comments?post=2771"}],"version-history":[{"count":4,"href":"https:\/\/aemachadodematos.pt\/agrupamento\/wp-json\/wp\/v2\/posts\/2771\/revisions"}],"predecessor-version":[{"id":2784,"href":"https:\/\/aemachadodematos.pt\/agrupamento\/wp-json\/wp\/v2\/posts\/2771\/revisions\/2784"}],"wp:featuredmedia":[{"embeddable":true,"href":"https:\/\/aemachadodematos.pt\/agrupamento\/wp-json\/wp\/v2\/media\/2780"}],"wp:attachment":[{"href":"https:\/\/aemachadodematos.pt\/agrupamento\/wp-json\/wp\/v2\/media?parent=2771"}],"wp:term":[{"taxonomy":"category","embeddable":true,"href":"https:\/\/aemachadodematos.pt\/agrupamento\/wp-json\/wp\/v2\/categories?post=2771"},{"taxonomy":"post_tag","embeddable":true,"href":"https:\/\/aemachadodematos.pt\/agrupamento\/wp-json\/wp\/v2\/tags?post=2771"}],"curies":[{"name":"wp","href":"https:\/\/api.w.org\/{rel}","templated":true}]}}