{"id":3276,"date":"2024-05-28T13:55:34","date_gmt":"2024-05-28T13:55:34","guid":{"rendered":"https:\/\/aemachadodematos.pt\/agrupamento\/?p=3276"},"modified":"2024-05-30T13:58:09","modified_gmt":"2024-05-30T13:58:09","slug":"pre-inscricao-para-os-cursos-profissionais-2","status":"publish","type":"post","link":"https:\/\/aemachadodematos.pt\/agrupamento\/pre-inscricao-para-os-cursos-profissionais-2\/","title":{"rendered":"Pr\u00e9-Inscri\u00e7\u00e3o para os cursos profissionais"},"content":{"rendered":"\n<p><a href=\"https:\/\/aemachadodematos.pt\/agrupamento\/apresentacao\/oferta-formativa-2024-2025\/\" target=\"_blank\" rel=\"noreferrer noopener\">Pr\u00e9-Inscri\u00e7\u00e3o online para os cursos profissionais<\/a><\/p>\n","protected":false},"excerpt":{"rendered":"<p>Pr\u00e9-Inscri\u00e7\u00e3o online para os cursos profissionais<\/p>\n","protected":false},"author":1,"featured_media":3277,"comment_status":"open","ping_status":"open","sticky":false,"template":"","format":"standard","meta":{"_uag_custom_page_level_css":"","footnotes":""},"categories":[2,3,15],"tags":[],"class_list":["post-3276","post","type-post","status-publish","format-standard","has-post-thumbnail","hentry","category-alunos","category-eqavet","category-formacao-profissional","odd"],"mb":[],"uagb_featured_image_src":{"full":["https:\/\/aemachadodematos.pt\/agrupamento\/wp-content\/uploads\/2024\/05\/novo.png",4677,2362,false],"thumbnail":["https:\/\/aemachadodematos.pt\/agrupamento\/wp-content\/uploads\/2024\/05\/novo-150x150.png",150,150,true],"medium":["https:\/\/aemachadodematos.pt\/agrupamento\/wp-content\/uploads\/2024\/05\/novo-300x152.png",300,152,true],"medium_large":["https:\/\/aemachadodematos.pt\/agrupamento\/wp-content\/uploads\/2024\/05\/novo.png",768,388,false],"large":["https:\/\/aemachadodematos.pt\/agrupamento\/wp-content\/uploads\/2024\/05\/novo-1024x517.png",1024,517,true],"1536x1536":["https:\/\/aemachadodematos.pt\/agrupamento\/wp-content\/uploads\/2024\/05\/novo-1536x776.png",1536,776,true],"2048x2048":["https:\/\/aemachadodematos.pt\/agrupamento\/wp-content\/uploads\/2024\/05\/novo-2048x1034.png",2048,1034,true],"classic-grid-listing":["https:\/\/aemachadodematos.pt\/agrupamento\/wp-content\/uploads\/2024\/05\/novo-600x303.png",600,303,true],"classic-list-listing":["https:\/\/aemachadodematos.pt\/agrupamento\/wp-content\/uploads\/2024\/05\/novo-280x141.png",280,141,true],"modern-grid-listing":["https:\/\/aemachadodematos.pt\/agrupamento\/wp-content\/uploads\/2024\/05\/novo-600x384.png",600,384,true],"product-page-image":["https:\/\/aemachadodematos.pt\/agrupamento\/wp-content\/uploads\/2024\/05\/novo-600x303.png",600,303,true],"product-category-page-image":["https:\/\/aemachadodematos.pt\/agrupamento\/wp-content\/uploads\/2024\/05\/novo-600x303.png",600,303,true],"post-thumbnail":["https:\/\/aemachadodematos.pt\/agrupamento\/wp-content\/uploads\/2024\/05\/novo-150x76.png",150,76,true],"ed-school-featured-image":["https:\/\/aemachadodematos.pt\/agrupamento\/wp-content\/uploads\/2024\/05\/novo-990x500.png",990,500,true],"ed-school-medium":["https:\/\/aemachadodematos.pt\/agrupamento\/wp-content\/uploads\/2024\/05\/novo-768x510.png",768,510,true],"ed-school-medium-alt":["https:\/\/aemachadodematos.pt\/agrupamento\/wp-content\/uploads\/2024\/05\/novo-768x410.png",768,410,true],"ed-school-square":["https:\/\/aemachadodematos.pt\/agrupamento\/wp-content\/uploads\/2024\/05\/novo-768x768.png",768,768,true],"ed-school-square-small":["https:\/\/aemachadodematos.pt\/agrupamento\/wp-content\/uploads\/2024\/05\/novo-420x420.png",420,420,true]},"uagb_author_info":{"display_name":"admin","author_link":"https:\/\/aemachadodematos.pt\/agrupamento\/author\/admin\/"},"uagb_comment_info":0,"uagb_excerpt":"Pr\u00e9-Inscri\u00e7\u00e3o online para os cursos profissionais","mfb_rest_fields":["title","uagb_featured_image_src","uagb_author_info","uagb_comment_info","uagb_excerpt"],"_links":{"self":[{"href":"https:\/\/aemachadodematos.pt\/agrupamento\/wp-json\/wp\/v2\/posts\/3276","targetHints":{"allow":["GET"]}}],"collection":[{"href":"https:\/\/aemachadodematos.pt\/agrupamento\/wp-json\/wp\/v2\/posts"}],"about":[{"href":"https:\/\/aemachadodematos.pt\/agrupamento\/wp-json\/wp\/v2\/types\/post"}],"author":[{"embeddable":true,"href":"https:\/\/aemachadodematos.pt\/agrupamento\/wp-json\/wp\/v2\/users\/1"}],"replies":[{"embeddable":true,"href":"https:\/\/aemachadodematos.pt\/agrupamento\/wp-json\/wp\/v2\/comments?post=3276"}],"version-history":[{"count":1,"href":"https:\/\/aemachadodematos.pt\/agrupamento\/wp-json\/wp\/v2\/posts\/3276\/revisions"}],"predecessor-version":[{"id":3278,"href":"https:\/\/aemachadodematos.pt\/agrupamento\/wp-json\/wp\/v2\/posts\/3276\/revisions\/3278"}],"wp:featuredmedia":[{"embeddable":true,"href":"https:\/\/aemachadodematos.pt\/agrupamento\/wp-json\/wp\/v2\/media\/3277"}],"wp:attachment":[{"href":"https:\/\/aemachadodematos.pt\/agrupamento\/wp-json\/wp\/v2\/media?parent=3276"}],"wp:term":[{"taxonomy":"category","embeddable":true,"href":"https:\/\/aemachadodematos.pt\/agrupamento\/wp-json\/wp\/v2\/categories?post=3276"},{"taxonomy":"post_tag","embeddable":true,"href":"https:\/\/aemachadodematos.pt\/agrupamento\/wp-json\/wp\/v2\/tags?post=3276"}],"curies":[{"name":"wp","href":"https:\/\/api.w.org\/{rel}","templated":true}]}}