{"id":3353,"date":"2024-07-14T13:32:14","date_gmt":"2024-07-14T13:32:14","guid":{"rendered":"https:\/\/aemachadodematos.pt\/agrupamento\/?p=3353"},"modified":"2024-07-15T09:32:17","modified_gmt":"2024-07-15T09:32:17","slug":"matriculas-para-o-10-o-ano-15-a-20-de-julho","status":"publish","type":"post","link":"https:\/\/aemachadodematos.pt\/agrupamento\/matriculas-para-o-10-o-ano-15-a-20-de-julho\/","title":{"rendered":"Matr\u00edculas para o 10.\u00ba ano (15 a 20 de julho)"},"content":{"rendered":"\n<h3 class=\"wp-block-heading\">Matr\u00edculas Abertas para o 10.\u00ba Ano<\/h3>\n\n\n\n<h4 class=\"wp-block-heading\">Per\u00edodo de Matr\u00edculas: de 15 a 20 de julho<\/h4>\n\n\n\n<h4 class=\"wp-block-heading\">Matr\u00edculas Online<\/h4>\n\n\n\n<p>As matr\u00edculas para o 10.\u00ba ano poder\u00e3o ser realizadas diretamente na secretaria da escola durante o per\u00edodo acima mencionado.<\/p>\n\n\n\n<h4 class=\"wp-block-heading\">Oferta Formativa<\/h4>\n\n\n\n<p>Para o ano letivo de 2024-2025, a nossa institui\u00e7\u00e3o oferece uma vasta gama de cursos. Consulte a nossa <a href=\"https:\/\/aemachadodematos.pt\/agrupamento\/apresentacao\/oferta-formativa-2024-2025\/\" data-type=\"page\" data-id=\"3233\" target=\"_blank\" rel=\"noreferrer noopener\">oferta formativa<\/a> para conhecer todas as op\u00e7\u00f5es dispon\u00edveis.<\/p>\n\n\n\n<h4 class=\"wp-block-heading\">Compromisso com o Futuro<\/h4>\n\n\n\n<p>Na nossa escola, acreditamos que ningu\u00e9m deve estar sozinho. Juntos, trabalhamos para um futuro melhor.<\/p>\n\n\n\n<br><br>\n\n\n\n<p>Se tiver alguma d\u00favida ou necessitar de mais informa\u00e7\u00f5es, por favor, n\u00e3o hesite em contactar a secretaria da escola.<\/p>\n\n\n\n<p>Estamos \u00e0 disposi\u00e7\u00e3o para ajudar em cada passo do seu percurso educativo.<\/p>\n\n\n\n<br><br>\n\n\n\n<p>Agrupamento de Escolas Dr. Machado de Matos, Felgueiras<br>T. 255 340 310 | 935087999<br>E. geral2@aemachadodematos.pt | www.aemachadodematos.pt<\/p>\n\n\n\n<figure class=\"wp-block-image size-large\"><img loading=\"lazy\" decoding=\"async\" width=\"724\" height=\"1024\" src=\"https:\/\/aemachadodematos.pt\/agrupamento\/wp-content\/uploads\/2024\/07\/CENTRO_v7-724x1024.png\" alt=\"\" class=\"wp-image-3366\" srcset=\"https:\/\/aemachadodematos.pt\/agrupamento\/wp-content\/uploads\/2024\/07\/CENTRO_v7-724x1024.png 724w, https:\/\/aemachadodematos.pt\/agrupamento\/wp-content\/uploads\/2024\/07\/CENTRO_v7-212x300.png 212w, https:\/\/aemachadodematos.pt\/agrupamento\/wp-content\/uploads\/2024\/07\/CENTRO_v7-768x1086.png 768w, https:\/\/aemachadodematos.pt\/agrupamento\/wp-content\/uploads\/2024\/07\/CENTRO_v7-1086x1536.png 1086w, https:\/\/aemachadodematos.pt\/agrupamento\/wp-content\/uploads\/2024\/07\/CENTRO_v7-424x600.png 424w, https:\/\/aemachadodematos.pt\/agrupamento\/wp-content\/uploads\/2024\/07\/CENTRO_v7-113x160.png 113w, https:\/\/aemachadodematos.pt\/agrupamento\/wp-content\/uploads\/2024\/07\/CENTRO_v7-106x150.png 106w, https:\/\/aemachadodematos.pt\/agrupamento\/wp-content\/uploads\/2024\/07\/CENTRO_v7.png 1448w\" sizes=\"auto, (max-width: 724px) 100vw, 724px\" \/><\/figure>\n","protected":false},"excerpt":{"rendered":"<p>Matr\u00edculas Abertas para o 10.\u00ba Ano Per\u00edodo de Matr\u00edculas: de 15 a 20 de julho Matr\u00edculas Online As matr\u00edculas para o 10.\u00ba ano poder\u00e3o ser realizadas diretamente na secretaria da escola durante o per\u00edodo acima mencionado. Oferta Formativa Para o&nbsp;<a href=\"https:\/\/aemachadodematos.pt\/agrupamento\/matriculas-para-o-10-o-ano-15-a-20-de-julho\/\">&hellip;<\/a><\/p>\n","protected":false},"author":1,"featured_media":3378,"comment_status":"open","ping_status":"open","sticky":false,"template":"","format":"standard","meta":{"_uag_custom_page_level_css":"","footnotes":""},"categories":[2,3,15],"tags":[],"class_list":["post-3353","post","type-post","status-publish","format-standard","has-post-thumbnail","hentry","category-alunos","category-eqavet","category-formacao-profissional","odd"],"mb":[],"uagb_featured_image_src":{"full":["https:\/\/aemachadodematos.pt\/agrupamento\/wp-content\/uploads\/2024\/07\/exemplo-768x500-3.png",768,500,false],"thumbnail":["https:\/\/aemachadodematos.pt\/agrupamento\/wp-content\/uploads\/2024\/07\/exemplo-768x500-3-150x150.png",150,150,true],"medium":["https:\/\/aemachadodematos.pt\/agrupamento\/wp-content\/uploads\/2024\/07\/exemplo-768x500-3-300x195.png",300,195,true],"medium_large":["https:\/\/aemachadodematos.pt\/agrupamento\/wp-content\/uploads\/2024\/07\/exemplo-768x500-3.png",768,500,false],"large":["https:\/\/aemachadodematos.pt\/agrupamento\/wp-content\/uploads\/2024\/07\/exemplo-768x500-3-768x500.png",768,500,true],"1536x1536":["https:\/\/aemachadodematos.pt\/agrupamento\/wp-content\/uploads\/2024\/07\/exemplo-768x500-3-768x500.png",768,500,true],"2048x2048":["https:\/\/aemachadodematos.pt\/agrupamento\/wp-content\/uploads\/2024\/07\/exemplo-768x500-3-768x500.png",768,500,true],"classic-grid-listing":["https:\/\/aemachadodematos.pt\/agrupamento\/wp-content\/uploads\/2024\/07\/exemplo-768x500-3-600x391.png",600,391,true],"classic-list-listing":["https:\/\/aemachadodematos.pt\/agrupamento\/wp-content\/uploads\/2024\/07\/exemplo-768x500-3-246x160.png",246,160,true],"modern-grid-listing":["https:\/\/aemachadodematos.pt\/agrupamento\/wp-content\/uploads\/2024\/07\/exemplo-768x500-3-600x384.png",600,384,true],"product-page-image":["https:\/\/aemachadodematos.pt\/agrupamento\/wp-content\/uploads\/2024\/07\/exemplo-768x500-3-600x391.png",600,391,true],"product-category-page-image":["https:\/\/aemachadodematos.pt\/agrupamento\/wp-content\/uploads\/2024\/07\/exemplo-768x500-3-600x391.png",600,391,true],"post-thumbnail":["https:\/\/aemachadodematos.pt\/agrupamento\/wp-content\/uploads\/2024\/07\/exemplo-768x500-3-150x98.png",150,98,true],"ed-school-featured-image":["https:\/\/aemachadodematos.pt\/agrupamento\/wp-content\/uploads\/2024\/07\/exemplo-768x500-3-768x500.png",768,500,true],"ed-school-medium":["https:\/\/aemachadodematos.pt\/agrupamento\/wp-content\/uploads\/2024\/07\/exemplo-768x500-3-768x500.png",768,500,true],"ed-school-medium-alt":["https:\/\/aemachadodematos.pt\/agrupamento\/wp-content\/uploads\/2024\/07\/exemplo-768x500-3-768x410.png",768,410,true],"ed-school-square":["https:\/\/aemachadodematos.pt\/agrupamento\/wp-content\/uploads\/2024\/07\/exemplo-768x500-3-768x500.png",768,500,true],"ed-school-square-small":["https:\/\/aemachadodematos.pt\/agrupamento\/wp-content\/uploads\/2024\/07\/exemplo-768x500-3-420x420.png",420,420,true]},"uagb_author_info":{"display_name":"admin","author_link":"https:\/\/aemachadodematos.pt\/agrupamento\/author\/admin\/"},"uagb_comment_info":0,"uagb_excerpt":"Matr\u00edculas Abertas para o 10.\u00ba Ano Per\u00edodo de Matr\u00edculas: de 15 a 20 de julho Matr\u00edculas Online As matr\u00edculas para o 10.\u00ba ano poder\u00e3o ser realizadas diretamente na secretaria da escola durante o per\u00edodo acima mencionado. Oferta Formativa Para o&nbsp;&hellip;","mfb_rest_fields":["title","uagb_featured_image_src","uagb_author_info","uagb_comment_info","uagb_excerpt"],"_links":{"self":[{"href":"https:\/\/aemachadodematos.pt\/agrupamento\/wp-json\/wp\/v2\/posts\/3353","targetHints":{"allow":["GET"]}}],"collection":[{"href":"https:\/\/aemachadodematos.pt\/agrupamento\/wp-json\/wp\/v2\/posts"}],"about":[{"href":"https:\/\/aemachadodematos.pt\/agrupamento\/wp-json\/wp\/v2\/types\/post"}],"author":[{"embeddable":true,"href":"https:\/\/aemachadodematos.pt\/agrupamento\/wp-json\/wp\/v2\/users\/1"}],"replies":[{"embeddable":true,"href":"https:\/\/aemachadodematos.pt\/agrupamento\/wp-json\/wp\/v2\/comments?post=3353"}],"version-history":[{"count":11,"href":"https:\/\/aemachadodematos.pt\/agrupamento\/wp-json\/wp\/v2\/posts\/3353\/revisions"}],"predecessor-version":[{"id":3374,"href":"https:\/\/aemachadodematos.pt\/agrupamento\/wp-json\/wp\/v2\/posts\/3353\/revisions\/3374"}],"wp:featuredmedia":[{"embeddable":true,"href":"https:\/\/aemachadodematos.pt\/agrupamento\/wp-json\/wp\/v2\/media\/3378"}],"wp:attachment":[{"href":"https:\/\/aemachadodematos.pt\/agrupamento\/wp-json\/wp\/v2\/media?parent=3353"}],"wp:term":[{"taxonomy":"category","embeddable":true,"href":"https:\/\/aemachadodematos.pt\/agrupamento\/wp-json\/wp\/v2\/categories?post=3353"},{"taxonomy":"post_tag","embeddable":true,"href":"https:\/\/aemachadodematos.pt\/agrupamento\/wp-json\/wp\/v2\/tags?post=3353"}],"curies":[{"name":"wp","href":"https:\/\/api.w.org\/{rel}","templated":true}]}}