{"id":3573,"date":"2024-10-16T18:51:44","date_gmt":"2024-10-16T18:51:44","guid":{"rendered":"https:\/\/aemachadodematos.pt\/agrupamento\/?p=3573"},"modified":"2024-10-18T19:04:42","modified_gmt":"2024-10-18T19:04:42","slug":"3573-2","status":"publish","type":"post","link":"https:\/\/aemachadodematos.pt\/agrupamento\/3573-2\/","title":{"rendered":"Divulga\u00e7\u00e3o da Mostra de Ensino e Forma\u00e7\u00e3o Profissional"},"content":{"rendered":"\n<p><strong>CAMPANHA DE ENSINO E FORMA\u00c7\u00c3O PROFISSIONAL em Redes Sociais<\/strong><\/p>\n\n\n\n<p><\/p>\n\n\n\n<p>\ud83d\ude80\ud83c\udf1f Mostra de Educa\u00e7\u00e3o e Forma\u00e7\u00e3o Profissional + SkillsPortugal Norte 2024 \ud83d\ude80\ud83c\udf1f<\/p>\n\n\n\n<p>\ud83d\udcc5 Entre 13 e 15 de novembro, no EuroParque (Santa Maria da Feira), vais ter a oportunidade de ver de perto o que o Ensino Profissional tem para te oferecer!<\/p>\n\n\n\n<p>Paralelamente ao 46\u00ba Campeonato Nacional das Profiss\u00f5es, a Mostra de Ensino e Forma\u00e7\u00e3o Profissional, promovida pelo PESSOAS 2030, IGeFE, ANESPO e IEFP vai estar ON \ud83d\udd25<\/p>\n\n\n\n<p>Explora as escolas profissionais p\u00fablicas e privadas das regi\u00f5es Norte, Centro e Alentejo, e descobre como uma forma\u00e7\u00e3o pr\u00e1tica pode ser o trampolim para o teu sucesso! Seja tecnologia, design, sa\u00fade, ind\u00fastria, servi\u00e7os&#8230; h\u00e1 um futuro \u00e0 tua espera! \ud83c\udf0e<\/p>\n\n\n\n<p>Curioso(a) para saber mais? \ud83e\uddd0 Fica atento(a) \u00e0 pr\u00f3xima publica\u00e7\u00e3o, para descobrires que escolas v\u00e3o estar presentes e para planeares a tua visita! \ud83d\udcaa<\/p>\n\n\n\n<p>#EnsinoeFormacaoProfissional #campeonatosdasprofissoes #skillsportugalnorte2024 #NosSomosWorldSkills #OperationsofStrategicImportance #OSI #EUFunds #SocialRights #PESSOAS2030 #iefp<\/p>\n","protected":false},"excerpt":{"rendered":"<p>CAMPANHA DE ENSINO E FORMA\u00c7\u00c3O PROFISSIONAL em Redes Sociais \ud83d\ude80\ud83c\udf1f Mostra de Educa\u00e7\u00e3o e Forma\u00e7\u00e3o Profissional + SkillsPortugal Norte 2024 \ud83d\ude80\ud83c\udf1f \ud83d\udcc5 Entre 13 e 15 de novembro, no EuroParque (Santa Maria da Feira), vais ter a oportunidade de ver&nbsp;<a href=\"https:\/\/aemachadodematos.pt\/agrupamento\/3573-2\/\">&hellip;<\/a><\/p>\n","protected":false},"author":1,"featured_media":3574,"comment_status":"open","ping_status":"open","sticky":false,"template":"","format":"standard","meta":{"_uag_custom_page_level_css":"","footnotes":""},"categories":[2,3,15],"tags":[],"class_list":["post-3573","post","type-post","status-publish","format-standard","has-post-thumbnail","hentry","category-alunos","category-eqavet","category-formacao-profissional","odd"],"mb":[],"uagb_featured_image_src":{"full":["https:\/\/aemachadodematos.pt\/agrupamento\/wp-content\/uploads\/2024\/10\/1-1.jpg",988,988,false],"thumbnail":["https:\/\/aemachadodematos.pt\/agrupamento\/wp-content\/uploads\/2024\/10\/1-1-150x150.jpg",150,150,true],"medium":["https:\/\/aemachadodematos.pt\/agrupamento\/wp-content\/uploads\/2024\/10\/1-1-300x300.jpg",300,300,true],"medium_large":["https:\/\/aemachadodematos.pt\/agrupamento\/wp-content\/uploads\/2024\/10\/1-1.jpg",768,768,false],"large":["https:\/\/aemachadodematos.pt\/agrupamento\/wp-content\/uploads\/2024\/10\/1-1-988x988.jpg",988,988,true],"1536x1536":["https:\/\/aemachadodematos.pt\/agrupamento\/wp-content\/uploads\/2024\/10\/1-1-988x988.jpg",988,988,true],"2048x2048":["https:\/\/aemachadodematos.pt\/agrupamento\/wp-content\/uploads\/2024\/10\/1-1-988x988.jpg",988,988,true],"classic-grid-listing":["https:\/\/aemachadodematos.pt\/agrupamento\/wp-content\/uploads\/2024\/10\/1-1-600x600.jpg",600,600,true],"classic-list-listing":["https:\/\/aemachadodematos.pt\/agrupamento\/wp-content\/uploads\/2024\/10\/1-1-160x160.jpg",160,160,true],"modern-grid-listing":["https:\/\/aemachadodematos.pt\/agrupamento\/wp-content\/uploads\/2024\/10\/1-1-600x384.jpg",600,384,true],"product-page-image":["https:\/\/aemachadodematos.pt\/agrupamento\/wp-content\/uploads\/2024\/10\/1-1-600x600.jpg",600,600,true],"product-category-page-image":["https:\/\/aemachadodematos.pt\/agrupamento\/wp-content\/uploads\/2024\/10\/1-1-600x600.jpg",600,600,true],"post-thumbnail":["https:\/\/aemachadodematos.pt\/agrupamento\/wp-content\/uploads\/2024\/10\/1-1-150x150.jpg",150,150,true],"ed-school-featured-image":["https:\/\/aemachadodematos.pt\/agrupamento\/wp-content\/uploads\/2024\/10\/1-1-988x500.jpg",988,500,true],"ed-school-medium":["https:\/\/aemachadodematos.pt\/agrupamento\/wp-content\/uploads\/2024\/10\/1-1-768x510.jpg",768,510,true],"ed-school-medium-alt":["https:\/\/aemachadodematos.pt\/agrupamento\/wp-content\/uploads\/2024\/10\/1-1-768x410.jpg",768,410,true],"ed-school-square":["https:\/\/aemachadodematos.pt\/agrupamento\/wp-content\/uploads\/2024\/10\/1-1-768x768.jpg",768,768,true],"ed-school-square-small":["https:\/\/aemachadodematos.pt\/agrupamento\/wp-content\/uploads\/2024\/10\/1-1-420x420.jpg",420,420,true]},"uagb_author_info":{"display_name":"admin","author_link":"https:\/\/aemachadodematos.pt\/agrupamento\/author\/admin\/"},"uagb_comment_info":0,"uagb_excerpt":"CAMPANHA DE ENSINO E FORMA\u00c7\u00c3O PROFISSIONAL em Redes Sociais \ud83d\ude80\ud83c\udf1f Mostra de Educa\u00e7\u00e3o e Forma\u00e7\u00e3o Profissional + SkillsPortugal Norte 2024 \ud83d\ude80\ud83c\udf1f \ud83d\udcc5 Entre 13 e 15 de novembro, no EuroParque (Santa Maria da Feira), vais ter a oportunidade de ver&nbsp;&hellip;","mfb_rest_fields":["title","uagb_featured_image_src","uagb_author_info","uagb_comment_info","uagb_excerpt"],"_links":{"self":[{"href":"https:\/\/aemachadodematos.pt\/agrupamento\/wp-json\/wp\/v2\/posts\/3573","targetHints":{"allow":["GET"]}}],"collection":[{"href":"https:\/\/aemachadodematos.pt\/agrupamento\/wp-json\/wp\/v2\/posts"}],"about":[{"href":"https:\/\/aemachadodematos.pt\/agrupamento\/wp-json\/wp\/v2\/types\/post"}],"author":[{"embeddable":true,"href":"https:\/\/aemachadodematos.pt\/agrupamento\/wp-json\/wp\/v2\/users\/1"}],"replies":[{"embeddable":true,"href":"https:\/\/aemachadodematos.pt\/agrupamento\/wp-json\/wp\/v2\/comments?post=3573"}],"version-history":[{"count":2,"href":"https:\/\/aemachadodematos.pt\/agrupamento\/wp-json\/wp\/v2\/posts\/3573\/revisions"}],"predecessor-version":[{"id":3577,"href":"https:\/\/aemachadodematos.pt\/agrupamento\/wp-json\/wp\/v2\/posts\/3573\/revisions\/3577"}],"wp:featuredmedia":[{"embeddable":true,"href":"https:\/\/aemachadodematos.pt\/agrupamento\/wp-json\/wp\/v2\/media\/3574"}],"wp:attachment":[{"href":"https:\/\/aemachadodematos.pt\/agrupamento\/wp-json\/wp\/v2\/media?parent=3573"}],"wp:term":[{"taxonomy":"category","embeddable":true,"href":"https:\/\/aemachadodematos.pt\/agrupamento\/wp-json\/wp\/v2\/categories?post=3573"},{"taxonomy":"post_tag","embeddable":true,"href":"https:\/\/aemachadodematos.pt\/agrupamento\/wp-json\/wp\/v2\/tags?post=3573"}],"curies":[{"name":"wp","href":"https:\/\/api.w.org\/{rel}","templated":true}]}}