{"id":3743,"date":"2025-02-12T10:38:20","date_gmt":"2025-02-12T10:38:20","guid":{"rendered":"https:\/\/aemachadodematos.pt\/agrupamento\/?p=3743"},"modified":"2025-04-10T11:01:25","modified_gmt":"2025-04-10T11:01:25","slug":"processo-concursal-para-a-selecao-de-diretora-do-agrupamento-de-escolas-dr-machado-de-matos-felgueiras","status":"publish","type":"post","link":"https:\/\/aemachadodematos.pt\/agrupamento\/processo-concursal-para-a-selecao-de-diretora-do-agrupamento-de-escolas-dr-machado-de-matos-felgueiras\/","title":{"rendered":"Procedimento Concursal para a elei\u00e7\u00e3o do(a) Diretor(a) do Agrupamento de Escolas Dr. Machado de Matos, Felgueiras"},"content":{"rendered":"\n<p><\/p>\n\n\n\n<p>Aviso n.\u00ba 4156\/2025\/2<br>Sum\u00e1rio: Abertura de procedimento concursal para a elei\u00e7\u00e3o do(a) Diretor(a) do Agrupamento de Escolas<br>Dr. Machado de Matos, Felgueiras.<\/p>\n\n\n\n<p><\/p>\n\n\n\n<div class=\"wp-block-file\"><a id=\"wp-block-file--media-3df62dd2-e76a-4417-8112-dd5b4db4274d\" href=\"https:\/\/aemachadodematos.pt\/agrupamento\/wp-content\/uploads\/2025\/02\/AVISO-DE-ABERTURA-DE-PROCEDIMENTO-CONCURSAL-PARA-DIRETOR-AEDMM.pdf\" target=\"_blank\" rel=\"noreferrer noopener\"><strong>1. Aviso de abertura publicado em DR em 12-02-2025<\/strong><\/a><a href=\"https:\/\/aemachadodematos.pt\/agrupamento\/wp-content\/uploads\/2025\/02\/AVISO-DE-ABERTURA-DE-PROCEDIMENTO-CONCURSAL-PARA-DIRETOR-AEDMM.pdf\" class=\"wp-block-file__button wp-element-button\" download aria-describedby=\"wp-block-file--media-3df62dd2-e76a-4417-8112-dd5b4db4274d\">Descarregar<\/a><\/div>\n\n\n\n<div class=\"wp-block-file\"><a id=\"wp-block-file--media-c7d3299c-f02b-4e1e-bbb6-3058a1f11a00\" href=\"https:\/\/aemachadodematos.pt\/agrupamento\/wp-content\/uploads\/2025\/02\/2.-REGULAMENTO-DO-PROCEDIMENTO-CONCURSAL-DE-ELEICAO-DOA-DIRETORA.pdf\" target=\"_blank\" rel=\"noreferrer noopener\"><strong>2. Regulamento do Procedimento Concursal de elei\u00e7\u00e3o do(a) Diretor(a<\/strong>)<\/a><a href=\"https:\/\/aemachadodematos.pt\/agrupamento\/wp-content\/uploads\/2025\/02\/2.-REGULAMENTO-DO-PROCEDIMENTO-CONCURSAL-DE-ELEICAO-DOA-DIRETORA.pdf\" class=\"wp-block-file__button wp-element-button\" download aria-describedby=\"wp-block-file--media-c7d3299c-f02b-4e1e-bbb6-3058a1f11a00\">Descarregar<\/a><\/div>\n\n\n\n<div class=\"wp-block-file\"><a id=\"wp-block-file--media-88ca19ac-261b-41f3-a134-a2869ee03489\" href=\"https:\/\/aemachadodematos.pt\/agrupamento\/wp-content\/uploads\/2025\/02\/3.-REQUERIMENTO-DE-CANDIDATURA.pdf\" target=\"_blank\" rel=\"noreferrer noopener\"><strong>3. Requerimento de Candidatura<\/strong><\/a><a href=\"https:\/\/aemachadodematos.pt\/agrupamento\/wp-content\/uploads\/2025\/02\/3.-REQUERIMENTO-DE-CANDIDATURA.pdf\" class=\"wp-block-file__button wp-element-button\" download aria-describedby=\"wp-block-file--media-88ca19ac-261b-41f3-a134-a2869ee03489\">Descarregar<\/a><\/div>\n\n\n\n<div class=\"wp-block-file\"><a id=\"wp-block-file--media-492db8d3-9c11-4821-afa3-570bfca54b34\" href=\"https:\/\/aemachadodematos.pt\/agrupamento\/wp-content\/uploads\/2025\/02\/DOC006.pdf\" target=\"_blank\" rel=\"noreferrer noopener\"><strong>4. Lista dos Candidatos Admitidos ao Concurso<\/strong> <\/a><a href=\"https:\/\/aemachadodematos.pt\/agrupamento\/wp-content\/uploads\/2025\/02\/DOC006.pdf\" class=\"wp-block-file__button wp-element-button\" download aria-describedby=\"wp-block-file--media-492db8d3-9c11-4821-afa3-570bfca54b34\">Descarregar<\/a><\/div>\n\n\n\n<div class=\"wp-block-file\"><a id=\"wp-block-file--media-56c36ce7-f70b-40bf-bc21-54c3b301a264\" href=\"https:\/\/aemachadodematos.pt\/agrupamento\/wp-content\/uploads\/2025\/02\/DOC-140124.pdf\" target=\"_blank\" rel=\"noreferrer noopener\"><strong>5. Ata de Elei\u00e7\u00e3o<\/strong><\/a><a href=\"https:\/\/aemachadodematos.pt\/agrupamento\/wp-content\/uploads\/2025\/02\/DOC-140124.pdf\" class=\"wp-block-file__button wp-element-button\" download aria-describedby=\"wp-block-file--media-56c36ce7-f70b-40bf-bc21-54c3b301a264\">Descarregar<\/a><\/div>\n\n\n\n<p><\/p>\n","protected":false},"excerpt":{"rendered":"<p>Aviso n.\u00ba 4156\/2025\/2Sum\u00e1rio: Abertura de procedimento concursal para a elei\u00e7\u00e3o do(a) Diretor(a) do Agrupamento de EscolasDr. Machado de Matos, Felgueiras.<\/p>\n","protected":false},"author":1,"featured_media":3758,"comment_status":"open","ping_status":"open","sticky":false,"template":"","format":"standard","meta":{"_uag_custom_page_level_css":"","footnotes":""},"categories":[27],"tags":[],"class_list":["post-3743","post","type-post","status-publish","format-standard","has-post-thumbnail","hentry","category-concurso","odd"],"mb":[],"uagb_featured_image_src":{"full":["https:\/\/aemachadodematos.pt\/agrupamento\/wp-content\/uploads\/2025\/02\/diretor.png",990,500,false],"thumbnail":["https:\/\/aemachadodematos.pt\/agrupamento\/wp-content\/uploads\/2025\/02\/diretor-150x150.png",150,150,true],"medium":["https:\/\/aemachadodematos.pt\/agrupamento\/wp-content\/uploads\/2025\/02\/diretor-300x152.png",300,152,true],"medium_large":["https:\/\/aemachadodematos.pt\/agrupamento\/wp-content\/uploads\/2025\/02\/diretor.png",768,388,false],"large":["https:\/\/aemachadodematos.pt\/agrupamento\/wp-content\/uploads\/2025\/02\/diretor-990x500.png",990,500,true],"1536x1536":["https:\/\/aemachadodematos.pt\/agrupamento\/wp-content\/uploads\/2025\/02\/diretor-990x500.png",990,500,true],"2048x2048":["https:\/\/aemachadodematos.pt\/agrupamento\/wp-content\/uploads\/2025\/02\/diretor-990x500.png",990,500,true],"classic-grid-listing":["https:\/\/aemachadodematos.pt\/agrupamento\/wp-content\/uploads\/2025\/02\/diretor-600x303.png",600,303,true],"classic-list-listing":["https:\/\/aemachadodematos.pt\/agrupamento\/wp-content\/uploads\/2025\/02\/diretor-280x141.png",280,141,true],"modern-grid-listing":["https:\/\/aemachadodematos.pt\/agrupamento\/wp-content\/uploads\/2025\/02\/diretor-600x384.png",600,384,true],"product-page-image":["https:\/\/aemachadodematos.pt\/agrupamento\/wp-content\/uploads\/2025\/02\/diretor-600x303.png",600,303,true],"product-category-page-image":["https:\/\/aemachadodematos.pt\/agrupamento\/wp-content\/uploads\/2025\/02\/diretor-600x303.png",600,303,true],"post-thumbnail":["https:\/\/aemachadodematos.pt\/agrupamento\/wp-content\/uploads\/2025\/02\/diretor-150x76.png",150,76,true],"ed-school-featured-image":["https:\/\/aemachadodematos.pt\/agrupamento\/wp-content\/uploads\/2025\/02\/diretor-990x500.png",990,500,true],"ed-school-medium":["https:\/\/aemachadodematos.pt\/agrupamento\/wp-content\/uploads\/2025\/02\/diretor-768x500.png",768,500,true],"ed-school-medium-alt":["https:\/\/aemachadodematos.pt\/agrupamento\/wp-content\/uploads\/2025\/02\/diretor-768x410.png",768,410,true],"ed-school-square":["https:\/\/aemachadodematos.pt\/agrupamento\/wp-content\/uploads\/2025\/02\/diretor-768x500.png",768,500,true],"ed-school-square-small":["https:\/\/aemachadodematos.pt\/agrupamento\/wp-content\/uploads\/2025\/02\/diretor-420x420.png",420,420,true]},"uagb_author_info":{"display_name":"admin","author_link":"https:\/\/aemachadodematos.pt\/agrupamento\/author\/admin\/"},"uagb_comment_info":0,"uagb_excerpt":"Aviso n.\u00ba 4156\/2025\/2Sum\u00e1rio: Abertura de procedimento concursal para a elei\u00e7\u00e3o do(a) Diretor(a) do Agrupamento de EscolasDr. Machado de Matos, Felgueiras.","mfb_rest_fields":["title","uagb_featured_image_src","uagb_author_info","uagb_comment_info","uagb_excerpt"],"_links":{"self":[{"href":"https:\/\/aemachadodematos.pt\/agrupamento\/wp-json\/wp\/v2\/posts\/3743","targetHints":{"allow":["GET"]}}],"collection":[{"href":"https:\/\/aemachadodematos.pt\/agrupamento\/wp-json\/wp\/v2\/posts"}],"about":[{"href":"https:\/\/aemachadodematos.pt\/agrupamento\/wp-json\/wp\/v2\/types\/post"}],"author":[{"embeddable":true,"href":"https:\/\/aemachadodematos.pt\/agrupamento\/wp-json\/wp\/v2\/users\/1"}],"replies":[{"embeddable":true,"href":"https:\/\/aemachadodematos.pt\/agrupamento\/wp-json\/wp\/v2\/comments?post=3743"}],"version-history":[{"count":13,"href":"https:\/\/aemachadodematos.pt\/agrupamento\/wp-json\/wp\/v2\/posts\/3743\/revisions"}],"predecessor-version":[{"id":3887,"href":"https:\/\/aemachadodematos.pt\/agrupamento\/wp-json\/wp\/v2\/posts\/3743\/revisions\/3887"}],"wp:featuredmedia":[{"embeddable":true,"href":"https:\/\/aemachadodematos.pt\/agrupamento\/wp-json\/wp\/v2\/media\/3758"}],"wp:attachment":[{"href":"https:\/\/aemachadodematos.pt\/agrupamento\/wp-json\/wp\/v2\/media?parent=3743"}],"wp:term":[{"taxonomy":"category","embeddable":true,"href":"https:\/\/aemachadodematos.pt\/agrupamento\/wp-json\/wp\/v2\/categories?post=3743"},{"taxonomy":"post_tag","embeddable":true,"href":"https:\/\/aemachadodematos.pt\/agrupamento\/wp-json\/wp\/v2\/tags?post=3743"}],"curies":[{"name":"wp","href":"https:\/\/api.w.org\/{rel}","templated":true}]}}