{"id":4117,"date":"2025-06-08T10:01:01","date_gmt":"2025-06-08T10:01:01","guid":{"rendered":"https:\/\/aemachadodematos.pt\/agrupamento\/?p=4117"},"modified":"2025-06-08T10:07:17","modified_gmt":"2025-06-08T10:07:17","slug":"exames-modelos-em-formato-digital-reapreciacoes","status":"publish","type":"post","link":"https:\/\/aemachadodematos.pt\/agrupamento\/exames-modelos-em-formato-digital-reapreciacoes\/","title":{"rendered":"Exames &#8211; Modelos em formato digital (reaprecia\u00e7\u00f5es)"},"content":{"rendered":"\n<p><strong><a href=\"https:\/\/www.dge.mec.pt\/modelos\">Modelos em formato digital referentes ao processo de reaprecia\u00e7\u00e3o<\/a><\/strong><\/p>\n\n\n\n<p>De acordo com o disposto na p\u00e1gina 92 da&nbsp;<em>NORMA 02\/JNE\/2025 \u2013 Instru\u00e7\u00f5es para Realiza\u00e7\u00e3o | Classifica\u00e7\u00e3o | Reaprecia\u00e7\u00e3o | Reclama\u00e7\u00e3o: Provas e Exames do Ensino B\u00e1sico e do Ensino Secund\u00e1rio<\/em>, divulga-se:<\/p>\n\n\n\n<p>63. FORMALIZA\u00c7\u00c3O DO PEDIDO<\/p>\n\n\n\n<p>63.1.&nbsp;&#8220;Os modelos referentes ao processo de reaprecia\u00e7\u00e3o devem, preferencialmente, ser preenchidos em formato digital, dispon\u00edveis em&nbsp;<a href=\"https:\/\/www.dge.mec.pt\/modelos\">https:\/\/www.dge.mec.pt\/modelos<\/a>,&nbsp;<strong>a disponibilizar pelas escolas nas suas p\u00e1ginas eletr\u00f3nicas<\/strong>, sendo descarregados, preenchidos e enviados para o correio eletr\u00f3nico disponibilizado pelas escolas [<strong>geral.2@aemachadodematos.pt<\/strong>], para posteriormente serem assinados para apresenta\u00e7\u00e3o na escola.&#8221;<\/p>\n\n\n\n<p>63.2. O requerimento deve ser formalizado, nos dois dias \u00fateis seguintes ao prazo mencionado no n.\u00ba 62.1., atrav\u00e9s do Modelo 12\/JNE, dirigido ao Presidente do JNE.<\/p>\n\n\n\n<p>63.3. A valida\u00e7\u00e3o do Modelo 12\/JNE \u00e9 formalizada mediante assinatura do modelo e respetivo pagamento.<\/p>\n\n\n\n<p>63.4. O pedido de reaprecia\u00e7\u00e3o \u00e9 acompanhado de alega\u00e7\u00e3o justificativa, a apresentar no Modelo 12-A\/JNE.<\/p>\n\n\n\n<p>63.5. Quando a alega\u00e7\u00e3o n\u00e3o for redigida no Modelo 12-A\/JNE, deve ser anexada ao referido modelo, o qual serve de folha de rosto.<\/p>\n\n\n\n<p>63.6. Se a reaprecia\u00e7\u00e3o incidir exclusivamente sobre erro na soma das cota\u00e7\u00f5es e ou erro na atribui\u00e7\u00e3o da classifica\u00e7\u00e3o aos itens de sele\u00e7\u00e3o, o requerente deve apresentar o Modelo 10\/JNE devidamente preenchido, n\u00e3o havendo neste caso lugar a alega\u00e7\u00e3o nem sendo devido o dep\u00f3sito de qualquer quantia.<\/p>\n\n\n\n<figure class=\"wp-block-table\"><table class=\"has-fixed-layout\"><tbody><tr><td><a href=\"https:\/\/www.dge.mec.pt\/modelos\" target=\"_blank\" rel=\"noreferrer noopener\">Modelos &#8211; Dire\u00e7\u00e3o-Geral da Educa\u00e7\u00e3o<\/a>2020. Requerimento- Realiza\u00e7\u00e3o de exames finais nacionais do ensino secund\u00e1rio em \u00c9POCA ESPECIAL. Requerimento- Realiza\u00e7\u00e3o de exames finais nacionais do ensino secund\u00e1rio em \u00c9POCA ESPECIAL &#8211; Alunos praticantes desportivos de alto rendimento e de sele\u00e7\u00f5es nacionais. Modelo 14 &#8211; A &#8211; Alega\u00e7\u00e3o Justificativa da Reclama\u00e7\u00e3o da Prova. Modelo 14- Requerimento para Reclama\u00e7\u00e3o da Provawww.dge.mec.pt<\/td><\/tr><\/tbody><\/table><\/figure>\n","protected":false},"excerpt":{"rendered":"<p>Modelos em formato digital referentes ao processo de reaprecia\u00e7\u00e3o De acordo com o disposto na p\u00e1gina 92 da&nbsp;NORMA 02\/JNE\/2025 \u2013 Instru\u00e7\u00f5es para Realiza\u00e7\u00e3o | Classifica\u00e7\u00e3o | Reaprecia\u00e7\u00e3o | Reclama\u00e7\u00e3o: Provas e Exames do Ensino B\u00e1sico e do Ensino Secund\u00e1rio, divulga-se:&nbsp;<a href=\"https:\/\/aemachadodematos.pt\/agrupamento\/exames-modelos-em-formato-digital-reapreciacoes\/\">&hellip;<\/a><\/p>\n","protected":false},"author":1,"featured_media":4119,"comment_status":"open","ping_status":"open","sticky":false,"template":"","format":"standard","meta":{"_uag_custom_page_level_css":"","footnotes":""},"categories":[2,63],"tags":[64,65,66],"class_list":["post-4117","post","type-post","status-publish","format-standard","has-post-thumbnail","hentry","category-alunos","category-encarregados-de-educacao","tag-exames","tag-modelos-em-formato-digital","tag-reapreciacoes","odd"],"mb":[],"uagb_featured_image_src":{"full":["https:\/\/aemachadodematos.pt\/agrupamento\/wp-content\/uploads\/2025\/06\/reapreciacoes.jpg",254,198,false],"thumbnail":["https:\/\/aemachadodematos.pt\/agrupamento\/wp-content\/uploads\/2025\/06\/reapreciacoes-150x150.jpg",150,150,true],"medium":["https:\/\/aemachadodematos.pt\/agrupamento\/wp-content\/uploads\/2025\/06\/reapreciacoes-254x198.jpg",254,198,true],"medium_large":["https:\/\/aemachadodematos.pt\/agrupamento\/wp-content\/uploads\/2025\/06\/reapreciacoes.jpg",254,198,false],"large":["https:\/\/aemachadodematos.pt\/agrupamento\/wp-content\/uploads\/2025\/06\/reapreciacoes-254x198.jpg",254,198,true],"1536x1536":["https:\/\/aemachadodematos.pt\/agrupamento\/wp-content\/uploads\/2025\/06\/reapreciacoes-254x198.jpg",254,198,true],"2048x2048":["https:\/\/aemachadodematos.pt\/agrupamento\/wp-content\/uploads\/2025\/06\/reapreciacoes-254x198.jpg",254,198,true],"classic-grid-listing":["https:\/\/aemachadodematos.pt\/agrupamento\/wp-content\/uploads\/2025\/06\/reapreciacoes-254x198.jpg",254,198,true],"classic-list-listing":["https:\/\/aemachadodematos.pt\/agrupamento\/wp-content\/uploads\/2025\/06\/reapreciacoes-205x160.jpg",205,160,true],"modern-grid-listing":["https:\/\/aemachadodematos.pt\/agrupamento\/wp-content\/uploads\/2025\/06\/reapreciacoes-254x198.jpg",254,198,true],"product-page-image":["https:\/\/aemachadodematos.pt\/agrupamento\/wp-content\/uploads\/2025\/06\/reapreciacoes-254x198.jpg",254,198,true],"product-category-page-image":["https:\/\/aemachadodematos.pt\/agrupamento\/wp-content\/uploads\/2025\/06\/reapreciacoes-254x198.jpg",254,198,true],"post-thumbnail":["https:\/\/aemachadodematos.pt\/agrupamento\/wp-content\/uploads\/2025\/06\/reapreciacoes-150x117.jpg",150,117,true],"ed-school-featured-image":["https:\/\/aemachadodematos.pt\/agrupamento\/wp-content\/uploads\/2025\/06\/reapreciacoes-254x198.jpg",254,198,true],"ed-school-medium":["https:\/\/aemachadodematos.pt\/agrupamento\/wp-content\/uploads\/2025\/06\/reapreciacoes-254x198.jpg",254,198,true],"ed-school-medium-alt":["https:\/\/aemachadodematos.pt\/agrupamento\/wp-content\/uploads\/2025\/06\/reapreciacoes-254x198.jpg",254,198,true],"ed-school-square":["https:\/\/aemachadodematos.pt\/agrupamento\/wp-content\/uploads\/2025\/06\/reapreciacoes-254x198.jpg",254,198,true],"ed-school-square-small":["https:\/\/aemachadodematos.pt\/agrupamento\/wp-content\/uploads\/2025\/06\/reapreciacoes-254x198.jpg",254,198,true]},"uagb_author_info":{"display_name":"admin","author_link":"https:\/\/aemachadodematos.pt\/agrupamento\/author\/admin\/"},"uagb_comment_info":0,"uagb_excerpt":"Modelos em formato digital referentes ao processo de reaprecia\u00e7\u00e3o De acordo com o disposto na p\u00e1gina 92 da&nbsp;NORMA 02\/JNE\/2025 \u2013 Instru\u00e7\u00f5es para Realiza\u00e7\u00e3o | Classifica\u00e7\u00e3o | Reaprecia\u00e7\u00e3o | Reclama\u00e7\u00e3o: Provas e Exames do Ensino B\u00e1sico e do Ensino Secund\u00e1rio, divulga-se:&nbsp;&hellip;","mfb_rest_fields":["title","uagb_featured_image_src","uagb_author_info","uagb_comment_info","uagb_excerpt"],"_links":{"self":[{"href":"https:\/\/aemachadodematos.pt\/agrupamento\/wp-json\/wp\/v2\/posts\/4117","targetHints":{"allow":["GET"]}}],"collection":[{"href":"https:\/\/aemachadodematos.pt\/agrupamento\/wp-json\/wp\/v2\/posts"}],"about":[{"href":"https:\/\/aemachadodematos.pt\/agrupamento\/wp-json\/wp\/v2\/types\/post"}],"author":[{"embeddable":true,"href":"https:\/\/aemachadodematos.pt\/agrupamento\/wp-json\/wp\/v2\/users\/1"}],"replies":[{"embeddable":true,"href":"https:\/\/aemachadodematos.pt\/agrupamento\/wp-json\/wp\/v2\/comments?post=4117"}],"version-history":[{"count":1,"href":"https:\/\/aemachadodematos.pt\/agrupamento\/wp-json\/wp\/v2\/posts\/4117\/revisions"}],"predecessor-version":[{"id":4118,"href":"https:\/\/aemachadodematos.pt\/agrupamento\/wp-json\/wp\/v2\/posts\/4117\/revisions\/4118"}],"wp:featuredmedia":[{"embeddable":true,"href":"https:\/\/aemachadodematos.pt\/agrupamento\/wp-json\/wp\/v2\/media\/4119"}],"wp:attachment":[{"href":"https:\/\/aemachadodematos.pt\/agrupamento\/wp-json\/wp\/v2\/media?parent=4117"}],"wp:term":[{"taxonomy":"category","embeddable":true,"href":"https:\/\/aemachadodematos.pt\/agrupamento\/wp-json\/wp\/v2\/categories?post=4117"},{"taxonomy":"post_tag","embeddable":true,"href":"https:\/\/aemachadodematos.pt\/agrupamento\/wp-json\/wp\/v2\/tags?post=4117"}],"curies":[{"name":"wp","href":"https:\/\/api.w.org\/{rel}","templated":true}]}}