{"id":4793,"date":"2026-04-30T17:34:47","date_gmt":"2026-04-30T16:34:47","guid":{"rendered":"https:\/\/aemachadodematos.pt\/agrupamento\/?p=4793"},"modified":"2026-04-30T17:34:49","modified_gmt":"2026-04-30T16:34:49","slug":"matriculas-a-decorrer","status":"publish","type":"post","link":"https:\/\/aemachadodematos.pt\/agrupamento\/matriculas-a-decorrer\/","title":{"rendered":"Matr\u00edculas a decorrer"},"content":{"rendered":"\n<p>Seguem as informa\u00e7\u00f5es relativas \u00e0s matr\u00edculas para o ano letivo 2026\/27<\/p>\n\n\n\n<div data-wp-interactive=\"core\/file\" class=\"wp-block-file\"><object data-wp-bind--hidden=\"!state.hasPdfPreview\" hidden class=\"wp-block-file__embed\" data=\"https:\/\/aemachadodematos.pt\/agrupamento\/wp-content\/uploads\/2026\/04\/INFORMACAO_MATRICULAS.pdf\" type=\"application\/pdf\" style=\"width:100%;height:600px\" aria-label=\"Incorpora\u00e7\u00e3o de INFORMA\u00c7\u00c3O_MATR\u00cdCULAS.\"><\/object><a id=\"wp-block-file--media-6c0ba42a-087d-4cae-a93b-921ea91120a8\" href=\"https:\/\/aemachadodematos.pt\/agrupamento\/wp-content\/uploads\/2026\/04\/INFORMACAO_MATRICULAS.pdf\">INFORMA\u00c7\u00c3O_MATR\u00cdCULAS<\/a><a href=\"https:\/\/aemachadodematos.pt\/agrupamento\/wp-content\/uploads\/2026\/04\/INFORMACAO_MATRICULAS.pdf\" class=\"wp-block-file__button wp-element-button\" download aria-describedby=\"wp-block-file--media-6c0ba42a-087d-4cae-a93b-921ea91120a8\">Descarregar<\/a><\/div>\n","protected":false},"excerpt":{"rendered":"<p>Seguem as informa\u00e7\u00f5es relativas \u00e0s matr\u00edculas para o ano letivo 2026\/27<\/p>\n","protected":false},"author":1,"featured_media":4794,"comment_status":"open","ping_status":"open","sticky":false,"template":"","format":"standard","meta":{"_uag_custom_page_level_css":"","footnotes":""},"categories":[1],"tags":[],"class_list":["post-4793","post","type-post","status-publish","format-standard","has-post-thumbnail","hentry","category-sem-categoria","odd"],"mb":[],"uagb_featured_image_src":{"full":["https:\/\/aemachadodematos.pt\/agrupamento\/wp-content\/uploads\/2026\/04\/matriculas-abertas.jpg",1080,1350,false],"thumbnail":["https:\/\/aemachadodematos.pt\/agrupamento\/wp-content\/uploads\/2026\/04\/matriculas-abertas-150x150.jpg",150,150,true],"medium":["https:\/\/aemachadodematos.pt\/agrupamento\/wp-content\/uploads\/2026\/04\/matriculas-abertas-240x300.jpg",240,300,true],"medium_large":["https:\/\/aemachadodematos.pt\/agrupamento\/wp-content\/uploads\/2026\/04\/matriculas-abertas.jpg",768,960,false],"large":["https:\/\/aemachadodematos.pt\/agrupamento\/wp-content\/uploads\/2026\/04\/matriculas-abertas-819x1024.jpg",819,1024,true],"1536x1536":["https:\/\/aemachadodematos.pt\/agrupamento\/wp-content\/uploads\/2026\/04\/matriculas-abertas-1080x1350.jpg",1080,1350,true],"2048x2048":["https:\/\/aemachadodematos.pt\/agrupamento\/wp-content\/uploads\/2026\/04\/matriculas-abertas-1080x1350.jpg",1080,1350,true],"classic-grid-listing":["https:\/\/aemachadodematos.pt\/agrupamento\/wp-content\/uploads\/2026\/04\/matriculas-abertas-480x600.jpg",480,600,true],"classic-list-listing":["https:\/\/aemachadodematos.pt\/agrupamento\/wp-content\/uploads\/2026\/04\/matriculas-abertas-128x160.jpg",128,160,true],"modern-grid-listing":["https:\/\/aemachadodematos.pt\/agrupamento\/wp-content\/uploads\/2026\/04\/matriculas-abertas-600x384.jpg",600,384,true],"product-page-image":["https:\/\/aemachadodematos.pt\/agrupamento\/wp-content\/uploads\/2026\/04\/matriculas-abertas-480x600.jpg",480,600,true],"product-category-page-image":["https:\/\/aemachadodematos.pt\/agrupamento\/wp-content\/uploads\/2026\/04\/matriculas-abertas-480x600.jpg",480,600,true],"post-thumbnail":["https:\/\/aemachadodematos.pt\/agrupamento\/wp-content\/uploads\/2026\/04\/matriculas-abertas-120x150.jpg",120,150,true],"ed-school-featured-image":["https:\/\/aemachadodematos.pt\/agrupamento\/wp-content\/uploads\/2026\/04\/matriculas-abertas-990x500.jpg",990,500,true],"ed-school-medium":["https:\/\/aemachadodematos.pt\/agrupamento\/wp-content\/uploads\/2026\/04\/matriculas-abertas-768x510.jpg",768,510,true],"ed-school-medium-alt":["https:\/\/aemachadodematos.pt\/agrupamento\/wp-content\/uploads\/2026\/04\/matriculas-abertas-768x410.jpg",768,410,true],"ed-school-square":["https:\/\/aemachadodematos.pt\/agrupamento\/wp-content\/uploads\/2026\/04\/matriculas-abertas-768x768.jpg",768,768,true],"ed-school-square-small":["https:\/\/aemachadodematos.pt\/agrupamento\/wp-content\/uploads\/2026\/04\/matriculas-abertas-420x420.jpg",420,420,true]},"uagb_author_info":{"display_name":"admin","author_link":"https:\/\/aemachadodematos.pt\/agrupamento\/author\/admin\/"},"uagb_comment_info":0,"uagb_excerpt":"Seguem as informa\u00e7\u00f5es relativas \u00e0s matr\u00edculas para o ano letivo 2026\/27","mfb_rest_fields":["title","uagb_featured_image_src","uagb_author_info","uagb_comment_info","uagb_excerpt"],"_links":{"self":[{"href":"https:\/\/aemachadodematos.pt\/agrupamento\/wp-json\/wp\/v2\/posts\/4793","targetHints":{"allow":["GET"]}}],"collection":[{"href":"https:\/\/aemachadodematos.pt\/agrupamento\/wp-json\/wp\/v2\/posts"}],"about":[{"href":"https:\/\/aemachadodematos.pt\/agrupamento\/wp-json\/wp\/v2\/types\/post"}],"author":[{"embeddable":true,"href":"https:\/\/aemachadodematos.pt\/agrupamento\/wp-json\/wp\/v2\/users\/1"}],"replies":[{"embeddable":true,"href":"https:\/\/aemachadodematos.pt\/agrupamento\/wp-json\/wp\/v2\/comments?post=4793"}],"version-history":[{"count":1,"href":"https:\/\/aemachadodematos.pt\/agrupamento\/wp-json\/wp\/v2\/posts\/4793\/revisions"}],"predecessor-version":[{"id":4796,"href":"https:\/\/aemachadodematos.pt\/agrupamento\/wp-json\/wp\/v2\/posts\/4793\/revisions\/4796"}],"wp:featuredmedia":[{"embeddable":true,"href":"https:\/\/aemachadodematos.pt\/agrupamento\/wp-json\/wp\/v2\/media\/4794"}],"wp:attachment":[{"href":"https:\/\/aemachadodematos.pt\/agrupamento\/wp-json\/wp\/v2\/media?parent=4793"}],"wp:term":[{"taxonomy":"category","embeddable":true,"href":"https:\/\/aemachadodematos.pt\/agrupamento\/wp-json\/wp\/v2\/categories?post=4793"},{"taxonomy":"post_tag","embeddable":true,"href":"https:\/\/aemachadodematos.pt\/agrupamento\/wp-json\/wp\/v2\/tags?post=4793"}],"curies":[{"name":"wp","href":"https:\/\/api.w.org\/{rel}","templated":true}]}}